{"id":34,"count":1,"description":"","link":"https:\/\/juventudeemtransicao.pt\/index.php\/tag\/transicao-de-genero\/","name":"transi\u00e7\u00e3o de g\u00eanero","slug":"transicao-de-genero","taxonomy":"post_tag","meta":[],"_links":{"self":[{"href":"https:\/\/juventudeemtransicao.pt\/index.php\/wp-json\/wp\/v2\/tags\/34","targetHints":{"allow":["GET"]}}],"collection":[{"href":"https:\/\/juventudeemtransicao.pt\/index.php\/wp-json\/wp\/v2\/tags"}],"about":[{"href":"https:\/\/juventudeemtransicao.pt\/index.php\/wp-json\/wp\/v2\/taxonomies\/post_tag"}],"wp:post_type":[{"href":"https:\/\/juventudeemtransicao.pt\/index.php\/wp-json\/wp\/v2\/posts?tags=34"}],"curies":[{"name":"wp","href":"https:\/\/api.w.org\/{rel}","templated":true}]}}