{"id":1582,"date":"2024-03-31T23:26:26","date_gmt":"2024-03-31T23:26:26","guid":{"rendered":"https:\/\/juventudeemtransicao.pt\/?p=1582"},"modified":"2024-03-31T23:30:44","modified_gmt":"2024-03-31T23:30:44","slug":"transidentite-des-mineurs-le-rapport-des-senateurs-lr-qui-sonne-lalarme","status":"publish","type":"post","link":"https:\/\/juventudeemtransicao.pt\/index.php\/2024\/03\/31\/transidentite-des-mineurs-le-rapport-des-senateurs-lr-qui-sonne-lalarme\/","title":{"rendered":"Transidentit\u00e9 des mineurs: le rapport des s\u00e9nateurs LR qui sonne l\u2019alarme."},"content":{"rendered":"\t\t<div data-elementor-type=\"wp-post\" data-elementor-id=\"1582\" class=\"elementor elementor-1582\" data-elementor-post-type=\"post\">\n\t\t\t\t\t\t<section class=\"elementor-section elementor-top-section elementor-element elementor-element-385b7281 elementor-section-boxed elementor-section-height-default elementor-section-height-default\" data-id=\"385b7281\" data-element_type=\"section\">\n\t\t\t\t\t\t<div class=\"elementor-container elementor-column-gap-default\">\n\t\t\t\t\t<div class=\"elementor-column elementor-col-100 elementor-top-column elementor-element elementor-element-48176476\" data-id=\"48176476\" data-element_type=\"column\">\n\t\t\t<div class=\"elementor-widget-wrap elementor-element-populated\">\n\t\t\t\t\t\t<div class=\"elementor-element elementor-element-b421b09 elementor-widget elementor-widget-text-editor\" data-id=\"b421b09\" data-element_type=\"widget\" data-widget_type=\"text-editor.default\">\n\t\t\t\t<div class=\"elementor-widget-container\">\n\t\t\t\t\t\t\t\t\t<p><\/p>\n<h5><span style=\"color: #ff0000;\">Artigo original publicado no Le Figaro<\/span><\/h5>\n<p><\/p>\t\t\t\t\t\t\t\t<\/div>\n\t\t\t\t<\/div>\n\t\t\t\t<div class=\"elementor-element elementor-element-cae6146 elementor-widget elementor-widget-text-editor\" data-id=\"cae6146\" data-element_type=\"widget\" data-widget_type=\"text-editor.default\">\n\t\t\t\t<div class=\"elementor-widget-container\">\n\t\t\t\t\t\t\t\t\t<p><\/p>\n<p><time datetime=\"2022-04-21T07:00:01-04:00\" data-timestamp=\"1650538801\"><span style=\"color: #ff0000;\">Por <\/span><\/time><span style=\"color: #ff0000;\">Paul Sugy,\u00a0St\u00e9phane Kovacs\u00a0e\u00a0Agn\u00e8s Leclair<\/span><\/p>\n<p><time datetime=\"2022-04-21T07:00:01-04:00\" data-timestamp=\"1650538801\"><br \/><!-- notionvc: c5f65c34-df09-44e4-b7e1-1964962db4b1 --><\/time><\/p>\n<p><\/p>\t\t\t\t\t\t\t\t<\/div>\n\t\t\t\t<\/div>\n\t\t\t\t<div class=\"elementor-element elementor-element-312b67c elementor-widget elementor-widget-text-editor\" data-id=\"312b67c\" data-element_type=\"widget\" data-widget_type=\"text-editor.default\">\n\t\t\t\t<div class=\"elementor-widget-container\">\n\t\t\t\t\t\t\t\t\t<h5>D\u00c9CRYPTAGE &#8211; Les \u00e9lus dressent un constat alarmant sur la prise en charge m\u00e9dicale des jeunes en questionnement de genre.<\/h5>\t\t\t\t\t\t\t\t<\/div>\n\t\t\t\t<\/div>\n\t\t\t\t<div class=\"elementor-element elementor-element-764f23c elementor-widget elementor-widget-text-editor\" data-id=\"764f23c\" data-element_type=\"widget\" data-widget_type=\"text-editor.default\">\n\t\t\t\t<div class=\"elementor-widget-container\">\n\t\t\t\t\t\t\t\t\t<p class=\"fig-paragraph\"><a href=\"https:\/\/www.lefigaro.fr\/international\/transition-de-genre-des-medecins-s-inquietent-d-une-future-directive-de-l-oms-20240111\" data-fig-type=\"Article\" data-gtm-custom-categorie=\"navigation\" data-gtm-custom-action=\"crossclick\" data-gtm-custom-label=\"Contextuel\" data-gtm-event=\"customEventSPE\" data-fig-domain=\"LEFIGARO\" data-mrf-link=\"https:\/\/www.lefigaro.fr\/international\/transition-de-genre-des-medecins-s-inquietent-d-une-future-directive-de-l-oms-20240111\">La transidentit\u00e9 des mineurs<\/a>\u00a0est au c\u0153ur d\u2019un\u00a0<em>\u00abd\u00e9bat scientifique et m\u00e9dical tendu\u00bb<\/em>: c\u2019est sur cet euph\u00e9misme que les s\u00e9nateurs LR abordent, en pr\u00e9ambule de leur rapport, l\u2019\u00e9pineuse question du changement de sexe chez les enfants. Et leurs conclusions sur le risque d\u2019\u00a0<em>\u00abun des plus grands scandales \u00e9thiques de l\u2019histoire de la m\u00e9decine\u00bb<\/em>\u00a0sont peu susceptibles d\u2019apaiser la controverse. Fruit d\u2019un travail de pr\u00e8s d\u2019un an, cet \u00e9pais document que publie la s\u00e9natrice du Val-d\u2019Oise Jacqueline Eustache-Brinio entend montrer\u00a0<a href=\"https:\/\/www.lefigaro.fr\/actualite-france\/transition-de-genre-comment-les-militants-trans-ont-infiltre-la-haute-autorite-de-sante-20230616\" data-fig-type=\"Article\" data-gtm-custom-categorie=\"navigation\" data-gtm-custom-action=\"crossclick\" data-gtm-custom-label=\"Contextuel\" data-gtm-event=\"customEventSPE\" data-fig-domain=\"LEFIGARO\" data-mrf-link=\"https:\/\/www.lefigaro.fr\/actualite-france\/transition-de-genre-comment-les-militants-trans-ont-infiltre-la-haute-autorite-de-sante-20230616\">la pr\u00e9gnance d\u2019une id\u00e9ologie \u00abtransaffirmative\u00bb chez les professionnels de sant\u00e9<\/a>\u00a0qui accompagnent les adolescents mal \u00e0 l\u2019aise avec leur pubert\u00e9 et l\u2019affirmation de leur identit\u00e9 sexu\u00e9e.\u00a0<a href=\"https:\/\/www.lefigaro.fr\/vox\/societe\/disney-ecole-sport-reseaux-sociaux-le-lobbying-trans-s-introduit-a-tous-les-niveaux-de-la-societe-20220404\" data-fig-type=\"Article\" data-gtm-custom-categorie=\"navigation\" data-gtm-custom-action=\"crossclick\" data-gtm-custom-label=\"Contextuel\" data-gtm-event=\"customEventSPE\" data-fig-domain=\"LEFIGARO\" data-mrf-link=\"https:\/\/www.lefigaro.fr\/vox\/societe\/disney-ecole-sport-reseaux-sociaux-le-lobbying-trans-s-introduit-a-tous-les-niveaux-de-la-societe-20220404\">Les auteurs accusent ensuite les associations transactivistes<\/a>, relay\u00e9es par des publications influentes sur les r\u00e9seaux sociaux, d\u2019acc\u00e9l\u00e9rer le parcours de ces enfants vers une transition de genre.<\/p>\n<div class=\"fig-newsletter-box fig-container\">\n<div data-module=\"fig-newsletter-box\" data-context=\"was @visible\" data-url=\"https:\/\/static.lefigaro.fr\/agora\/widget-newsletter\/fignewsletter-short-ttl.js\" data-variant=\"article\" data-site-name=\"lefigaro\" data-mrf-recirculation=\"fig-newsletter-box\">Dans la foul\u00e9e du rapport, la droite s\u00e9natoriale annonce le d\u00e9p\u00f4t d\u2019une proposition de loi avant\u2026<\/div>\n<div data-module=\"fig-newsletter-box\" data-context=\"was @visible\" data-url=\"https:\/\/static.lefigaro.fr\/agora\/widget-newsletter\/fignewsletter-short-ttl.js\" data-variant=\"article\" data-site-name=\"lefigaro\" data-mrf-recirculation=\"fig-newsletter-box\">\u00a0<\/div>\n<\/div>\n<div data-module=\"fig-newsletter-box\" data-context=\"was @visible\" data-url=\"https:\/\/static.lefigaro.fr\/agora\/widget-newsletter\/fignewsletter-short-ttl.js\" data-variant=\"article\" data-site-name=\"lefigaro\" data-mrf-recirculation=\"fig-newsletter-box\"><span style=\"color: #ff0000;\"><em><strong>Media paga&#8230;<\/strong><\/em><\/span><\/div>\n<div id=\"fig-premium-paywall\" class=\"fig-premium-paywall\" data-js-gtm=\"{&quot;customAction&quot;:&quot;Affichage_Paywall_paywall_auto&quot;,&quot;customCategorie&quot;:&quot;conversion&quot;,&quot;customLabel&quot;:&quot;bGVmaWdhcm8uZnJfXzdhZjllZmM0LWU1NTEtMTFlZS1iYWNiLTJhNzY5MTgyMDY5Zl9fQXJ0aWNsZQ==_Transidentit\\u00e9 des mineurs: le rapport des s\\u00e9nateurs LR qui sonne l\\u2019alarme_95&quot;,&quot;event&quot;:&quot;customEventSPE&quot;}\" data-module=\"fig-paragraph-with-paywall\" data-context=\"was @visible\" data-mrf-recirculation=\"fig-paragraph-with-paywall\">\u00a0<\/div>\t\t\t\t\t\t\t\t<\/div>\n\t\t\t\t<\/div>\n\t\t\t\t<div class=\"elementor-element elementor-element-adc9728 elementor-widget elementor-widget-image\" data-id=\"adc9728\" data-element_type=\"widget\" data-widget_type=\"image.default\">\n\t\t\t\t<div class=\"elementor-widget-container\">\n\t\t\t\t\t\t\t\t\t\t\t\t\t\t\t\t<a href=\"https:\/\/www.lefigaro.fr\/actualite-france\/transidentite-des-mineurs-le-rapport-des-senateurs-lr-qui-sonne-l-alarme-20240318\" target=\"_blank\">\n\t\t\t\t\t\t\t<img decoding=\"async\" src=\"https:\/\/juventudeemtransicao.pt\/wp-content\/uploads\/elementor\/thumbs\/17161802251556282332-128-q311trhfu3yqs4vs52eo3dcthm4q3qv15t7qzlrlko.png\" title=\"17161802251556282332-128\" alt=\"17161802251556282332-128\" loading=\"lazy\" \/>\t\t\t\t\t\t\t\t<\/a>\n\t\t\t\t\t\t\t\t\t\t\t\t\t\t\t<\/div>\n\t\t\t\t<\/div>\n\t\t\t\t<div class=\"elementor-element elementor-element-1463951 elementor-widget elementor-widget-text-editor\" data-id=\"1463951\" data-element_type=\"widget\" data-widget_type=\"text-editor.default\">\n\t\t\t\t<div class=\"elementor-widget-container\">\n\t\t\t\t\t\t\t\t\t<p>IR PARA ARTIGO ORIGINAL<\/p>\t\t\t\t\t\t\t\t<\/div>\n\t\t\t\t<\/div>\n\t\t\t\t\t<\/div>\n\t\t<\/div>\n\t\t\t\t\t<\/div>\n\t\t<\/section>\n\t\t\t\t<\/div>\n\t\t","protected":false},"excerpt":{"rendered":"<p>Artigo original publicado no Le Figaro Por Paul Sugy,\u00a0St\u00e9phane Kovacs\u00a0e\u00a0Agn\u00e8s Leclair D\u00c9CRYPTAGE &#8211; Les \u00e9lus dressent un constat alarmant sur la prise en charge m\u00e9dicale des jeunes en questionnement de genre. La transidentit\u00e9 des mineurs\u00a0est au c\u0153ur d\u2019un\u00a0\u00abd\u00e9bat scientifique et m\u00e9dical tendu\u00bb: c\u2019est sur cet euph\u00e9misme que les s\u00e9nateurs LR abordent, en pr\u00e9ambule de leur [&hellip;]<\/p>\n","protected":false},"author":1,"featured_media":1584,"comment_status":"closed","ping_status":"closed","sticky":false,"template":"elementor_theme","format":"standard","meta":{"_monsterinsights_skip_tracking":false,"_monsterinsights_sitenote_active":false,"_monsterinsights_sitenote_note":"","_monsterinsights_sitenote_category":0,"_uf_show_specific_survey":0,"_uf_disable_surveys":false,"footnotes":""},"categories":[10],"tags":[],"class_list":["post-1582","post","type-post","status-publish","format-standard","has-post-thumbnail","hentry","category-internacional"],"aioseo_notices":[],"_links":{"self":[{"href":"https:\/\/juventudeemtransicao.pt\/index.php\/wp-json\/wp\/v2\/posts\/1582","targetHints":{"allow":["GET"]}}],"collection":[{"href":"https:\/\/juventudeemtransicao.pt\/index.php\/wp-json\/wp\/v2\/posts"}],"about":[{"href":"https:\/\/juventudeemtransicao.pt\/index.php\/wp-json\/wp\/v2\/types\/post"}],"author":[{"embeddable":true,"href":"https:\/\/juventudeemtransicao.pt\/index.php\/wp-json\/wp\/v2\/users\/1"}],"replies":[{"embeddable":true,"href":"https:\/\/juventudeemtransicao.pt\/index.php\/wp-json\/wp\/v2\/comments?post=1582"}],"version-history":[{"count":4,"href":"https:\/\/juventudeemtransicao.pt\/index.php\/wp-json\/wp\/v2\/posts\/1582\/revisions"}],"predecessor-version":[{"id":1587,"href":"https:\/\/juventudeemtransicao.pt\/index.php\/wp-json\/wp\/v2\/posts\/1582\/revisions\/1587"}],"wp:featuredmedia":[{"embeddable":true,"href":"https:\/\/juventudeemtransicao.pt\/index.php\/wp-json\/wp\/v2\/media\/1584"}],"wp:attachment":[{"href":"https:\/\/juventudeemtransicao.pt\/index.php\/wp-json\/wp\/v2\/media?parent=1582"}],"wp:term":[{"taxonomy":"category","embeddable":true,"href":"https:\/\/juventudeemtransicao.pt\/index.php\/wp-json\/wp\/v2\/categories?post=1582"},{"taxonomy":"post_tag","embeddable":true,"href":"https:\/\/juventudeemtransicao.pt\/index.php\/wp-json\/wp\/v2\/tags?post=1582"}],"curies":[{"name":"wp","href":"https:\/\/api.w.org\/{rel}","templated":true}]}}